{"id":7338,"date":"2022-11-09T12:05:15","date_gmt":"2022-11-09T11:05:15","guid":{"rendered":"https:\/\/www.credenat.com\/2022\/?p=7338"},"modified":"2022-11-09T12:09:40","modified_gmt":"2022-11-09T11:09:40","slug":"several-credenat-members-attend-the-international-conference-on-regional-science-in-granada","status":"publish","type":"post","link":"https:\/\/www.credenat.com\/en\/several-credenat-members-attend-the-international-conference-on-regional-science-in-granada\/","title":{"rendered":"Several CREDENAT members attend the International Conference on Regional Science in Granada"},"content":{"rendered":"<h1>Several CREDENAT members attend the International Conference on Regional Science in Granada<\/h1>\n<p>XLVII Regional Studies Meeting \/ International Conference on Regional Science<\/p>\n<p>The following works were presented:<\/p>\n<p>\u201cA just and clean energy transition: insights from the European regions\u201d. <strong>Authors:<\/strong>\u00a0Garc\u00eda Riazuelo, \u00c1lvaro; Duarte Pac, Rosa ; Sarasa Fern\u00e1ndez, Cristina<\/p>\n<p>&#8220;Different impacts at different regional levels: Effects of wind power in a Spanish rural area&#8221;. <strong>Authors:<\/strong>\u00a0Raquel Langarita; Ignacio Cazcarro; Miguel-\u00c1ngel Almaz\u00e1n\u2010G\u00f3mez; Guillermo Rodr\u00edguez; Jorge Bielsa<\/p>\n<p>&#8220;La construcci\u00f3n de una base de datos clim\u00e1tica, demogr\u00e1fica y territorial para los municipios espa\u00f1oles&#8221;. <strong>Authors:<\/strong>\u00a0Guillermo Rodr\u00edguez; Ignacio Cazcarro; Ana Serrano; Miguel Mart\u00edn\u2010Retortillo<\/p>\n<p>&#8220;Maintaining population with water? On the evolution of the population in the Spanish municipalities and its relation to irrigation&#8221;. <strong>Authors:<\/strong>\u00a0Ana Serrano; Miguel Mart\u00edn\u2010Retortillo; Javier Silvestre; Guillermo Rodr\u00edguez\u2010L\u00f3pez; Ignacio Cazcarro<\/p>\n<p>&#8220;Metodolog\u00eda y desarrollo de variable(s) econ\u00f3mica(s) municipal(es) para Espa\u00f1a desde 1950 hasta la actualidad&#8221;. <strong>Authors:<\/strong>\u00a0Ignacio Cazcarro; Guillermo Rodr\u00edguez\u2010L\u00f3pez; Ana Serrano; Miguel Mart\u00edn\u2010Retortillo<\/p>\n<p>&#8220;Energy footprint of households and the place they are living&#8221;. <strong>Authors:<\/strong>\u00a0Langarita, Raquel; Cartone, Alfredo; D\u00edaz-Dapena, Alberto; Rubiera-Moroll\u00f3n, Fernando<\/p>\n<p>&#8230;<\/p>\n<p>Adem\u00e1s desde el Grupo se organiz\u00f3 una sesi\u00f3n especial:<\/p>\n<div dir=\"auto\">Special Session S08\u2013 La Riqueza de los Municipios (An Inquiry into the Nature and Causes of the Wealth of Municipalities)<\/div>\n<div dir=\"auto\"><\/div>\n<div dir=\"auto\">\u00a0<span class=\"il\">Congreso<\/span>\/Congress: XLVII Reuni\u00f3n de Estudios Regionales \u2013 Granada, 19-21 de octubre de 2022<\/div>\n<div dir=\"auto\"><\/div>\n<div dir=\"auto\">Organizadores\/Organizers: Ignacio Cazcarro (<a href=\"mailto:icazcarr@unizar.es\" target=\"_blank\" rel=\"noopener noreferrer\">icazcarr@unizar.es<\/a>) \u2013ARAID (Aragonese Agency for Research and Development). IA2- Dpto. Econ\u00f3mico\u2013 Univ. de Zaragoza<\/div>\n<div dir=\"auto\"><\/div>\n<div dir=\"auto\">Ana Serrano Gonz\u00e1lez (<a href=\"mailto:asergon@unizar.es\" target=\"_blank\" rel=\"noopener noreferrer\">asergon@unizar.es<\/a>) \u2013 Profesora Titular del Dpto. Econ\u00f3mico\u2013 Univ. de Zaragoza<\/div>\n<div dir=\"auto\"><\/div>\n<div dir=\"auto\">Miguel Mart\u00edn-Retortillo (<a href=\"mailto:miguel.martinr@uah.es\" target=\"_blank\" rel=\"noopener noreferrer\">miguel.martinr@uah.es<\/a>)\u2013 Profesor Contratado Doctor. Dep. Econom\u00eda, Facultad de Econom\u00eda, Empresa y Turismo, Univ. de Alcal\u00e1.<\/div>\n<div dir=\"auto\"><\/div>\n<div dir=\"auto\">Sponsor: Ram\u00f3n Areces Foundation project grant (Call 2021).<\/div>\n","protected":false},"excerpt":{"rendered":"<p>Several CREDENAT members attend the International Conference on Regional Science in Granada XLVII Regional Studies Meeting \/ International Conference on Regional Science The following works were presented: \u201cA just and clean energy transition: insights from the European regions\u201d. Authors:\u00a0Garc\u00eda Riazuelo, \u00c1lvaro; Duarte Pac, Rosa ; Sarasa Fern\u00e1ndez, Cristina &#8220;Different impacts at different regional levels: Effects [&hellip;]<\/p>\n","protected":false},"author":1,"featured_media":7301,"comment_status":"closed","ping_status":"closed","sticky":false,"template":"","format":"standard","meta":{"_mi_skip_tracking":false,"footnotes":""},"categories":[78],"tags":[],"class_list":["post-7338","post","type-post","status-publish","format-standard","has-post-thumbnail","hentry","category-credenat"],"yoast_head":"<!-- This site is optimized with the Yoast SEO plugin v20.0 - https:\/\/yoast.com\/wordpress\/plugins\/seo\/ -->\n<title>Several CREDENAT members attend the International Conference on Regional Science in Granada - Credenat<\/title>\n<meta name=\"robots\" content=\"index, follow, max-snippet:-1, max-image-preview:large, max-video-preview:-1\" \/>\n<link rel=\"canonical\" href=\"https:\/\/www.credenat.com\/en\/several-credenat-members-attend-the-international-conference-on-regional-science-in-granada\/\" \/>\n<meta property=\"og:locale\" content=\"en_US\" \/>\n<meta property=\"og:type\" content=\"article\" \/>\n<meta property=\"og:title\" content=\"Several CREDENAT members attend the International Conference on Regional Science in Granada - Credenat\" \/>\n<meta property=\"og:description\" content=\"Several CREDENAT members attend the International Conference on Regional Science in Granada XLVII Regional Studies Meeting \/ International Conference on Regional Science The following works were presented: \u201cA just and clean energy transition: insights from the European regions\u201d. Authors:\u00a0Garc\u00eda Riazuelo, \u00c1lvaro; Duarte Pac, Rosa ; Sarasa Fern\u00e1ndez, Cristina &#8220;Different impacts at different regional levels: Effects [&hellip;]\" \/>\n<meta property=\"og:url\" content=\"https:\/\/www.credenat.com\/en\/several-credenat-members-attend-the-international-conference-on-regional-science-in-granada\/\" \/>\n<meta property=\"og:site_name\" content=\"Credenat\" \/>\n<meta property=\"article:published_time\" content=\"2022-11-09T11:05:15+00:00\" \/>\n<meta property=\"article:modified_time\" content=\"2022-11-09T11:09:40+00:00\" \/>\n<meta property=\"og:image\" content=\"https:\/\/www.credenat.com\/wp-content\/uploads\/2022\/11\/IMG-20221021-WA0007.jpg\" \/>\n\t<meta property=\"og:image:width\" content=\"2048\" \/>\n\t<meta property=\"og:image:height\" content=\"1537\" \/>\n\t<meta property=\"og:image:type\" content=\"image\/jpeg\" \/>\n<meta name=\"author\" content=\"credenatara50\" \/>\n<meta name=\"twitter:card\" content=\"summary_large_image\" \/>\n<meta name=\"twitter:label1\" content=\"Written by\" \/>\n\t<meta name=\"twitter:data1\" content=\"credenatara50\" \/>\n\t<meta name=\"twitter:label2\" content=\"Est. reading time\" \/>\n\t<meta name=\"twitter:data2\" content=\"2 minutes\" \/>\n<script type=\"application\/ld+json\" class=\"yoast-schema-graph\">{\"@context\":\"https:\/\/schema.org\",\"@graph\":[{\"@type\":\"WebPage\",\"@id\":\"https:\/\/www.credenat.com\/en\/several-credenat-members-attend-the-international-conference-on-regional-science-in-granada\/\",\"url\":\"https:\/\/www.credenat.com\/en\/several-credenat-members-attend-the-international-conference-on-regional-science-in-granada\/\",\"name\":\"Several CREDENAT members attend the International Conference on Regional Science in Granada - Credenat\",\"isPartOf\":{\"@id\":\"https:\/\/www.credenat.com\/en\/#website\"},\"datePublished\":\"2022-11-09T11:05:15+00:00\",\"dateModified\":\"2022-11-09T11:09:40+00:00\",\"author\":{\"@id\":\"https:\/\/www.credenat.com\/en\/#\/schema\/person\/e869a130a87868ea283726023d13d211\"},\"breadcrumb\":{\"@id\":\"https:\/\/www.credenat.com\/en\/several-credenat-members-attend-the-international-conference-on-regional-science-in-granada\/#breadcrumb\"},\"inLanguage\":\"en-US\",\"potentialAction\":[{\"@type\":\"ReadAction\",\"target\":[\"https:\/\/www.credenat.com\/en\/several-credenat-members-attend-the-international-conference-on-regional-science-in-granada\/\"]}]},{\"@type\":\"BreadcrumbList\",\"@id\":\"https:\/\/www.credenat.com\/en\/several-credenat-members-attend-the-international-conference-on-regional-science-in-granada\/#breadcrumb\",\"itemListElement\":[{\"@type\":\"ListItem\",\"position\":1,\"name\":\"Portada\",\"item\":\"https:\/\/www.credenat.com\/en\/\"},{\"@type\":\"ListItem\",\"position\":2,\"name\":\"Several CREDENAT members attend the International Conference on Regional Science in Granada\"}]},{\"@type\":\"WebSite\",\"@id\":\"https:\/\/www.credenat.com\/en\/#website\",\"url\":\"https:\/\/www.credenat.com\/en\/\",\"name\":\"Credenat\",\"description\":\"Crecimiento, Demanda y Recursos Naturales\",\"potentialAction\":[{\"@type\":\"SearchAction\",\"target\":{\"@type\":\"EntryPoint\",\"urlTemplate\":\"https:\/\/www.credenat.com\/en\/?s={search_term_string}\"},\"query-input\":\"required name=search_term_string\"}],\"inLanguage\":\"en-US\"},{\"@type\":\"Person\",\"@id\":\"https:\/\/www.credenat.com\/en\/#\/schema\/person\/e869a130a87868ea283726023d13d211\",\"name\":\"credenatara50\",\"image\":{\"@type\":\"ImageObject\",\"inLanguage\":\"en-US\",\"@id\":\"https:\/\/www.credenat.com\/en\/#\/schema\/person\/image\/\",\"url\":\"https:\/\/secure.gravatar.com\/avatar\/e056e7e6cd5cdccb74de68c8a9c13d5872b68937c2bca633c3480d9f6e791573?s=96&d=mm&r=g\",\"contentUrl\":\"https:\/\/secure.gravatar.com\/avatar\/e056e7e6cd5cdccb74de68c8a9c13d5872b68937c2bca633c3480d9f6e791573?s=96&d=mm&r=g\",\"caption\":\"credenatara50\"},\"sameAs\":[\"https:\/\/www.credenat.com\/2022\"],\"url\":\"https:\/\/www.credenat.com\/en\/author\/credenatara50\/\"}]}<\/script>\n<!-- \/ Yoast SEO plugin. -->","yoast_head_json":{"title":"Several CREDENAT members attend the International Conference on Regional Science in Granada - Credenat","robots":{"index":"index","follow":"follow","max-snippet":"max-snippet:-1","max-image-preview":"max-image-preview:large","max-video-preview":"max-video-preview:-1"},"canonical":"https:\/\/www.credenat.com\/en\/several-credenat-members-attend-the-international-conference-on-regional-science-in-granada\/","og_locale":"en_US","og_type":"article","og_title":"Several CREDENAT members attend the International Conference on Regional Science in Granada - Credenat","og_description":"Several CREDENAT members attend the International Conference on Regional Science in Granada XLVII Regional Studies Meeting \/ International Conference on Regional Science The following works were presented: \u201cA just and clean energy transition: insights from the European regions\u201d. Authors:\u00a0Garc\u00eda Riazuelo, \u00c1lvaro; Duarte Pac, Rosa ; Sarasa Fern\u00e1ndez, Cristina &#8220;Different impacts at different regional levels: Effects [&hellip;]","og_url":"https:\/\/www.credenat.com\/en\/several-credenat-members-attend-the-international-conference-on-regional-science-in-granada\/","og_site_name":"Credenat","article_published_time":"2022-11-09T11:05:15+00:00","article_modified_time":"2022-11-09T11:09:40+00:00","og_image":[{"width":2048,"height":1537,"url":"https:\/\/www.credenat.com\/wp-content\/uploads\/2022\/11\/IMG-20221021-WA0007.jpg","type":"image\/jpeg"}],"author":"credenatara50","twitter_card":"summary_large_image","twitter_misc":{"Written by":"credenatara50","Est. reading time":"2 minutes"},"schema":{"@context":"https:\/\/schema.org","@graph":[{"@type":"WebPage","@id":"https:\/\/www.credenat.com\/en\/several-credenat-members-attend-the-international-conference-on-regional-science-in-granada\/","url":"https:\/\/www.credenat.com\/en\/several-credenat-members-attend-the-international-conference-on-regional-science-in-granada\/","name":"Several CREDENAT members attend the International Conference on Regional Science in Granada - Credenat","isPartOf":{"@id":"https:\/\/www.credenat.com\/en\/#website"},"datePublished":"2022-11-09T11:05:15+00:00","dateModified":"2022-11-09T11:09:40+00:00","author":{"@id":"https:\/\/www.credenat.com\/en\/#\/schema\/person\/e869a130a87868ea283726023d13d211"},"breadcrumb":{"@id":"https:\/\/www.credenat.com\/en\/several-credenat-members-attend-the-international-conference-on-regional-science-in-granada\/#breadcrumb"},"inLanguage":"en-US","potentialAction":[{"@type":"ReadAction","target":["https:\/\/www.credenat.com\/en\/several-credenat-members-attend-the-international-conference-on-regional-science-in-granada\/"]}]},{"@type":"BreadcrumbList","@id":"https:\/\/www.credenat.com\/en\/several-credenat-members-attend-the-international-conference-on-regional-science-in-granada\/#breadcrumb","itemListElement":[{"@type":"ListItem","position":1,"name":"Portada","item":"https:\/\/www.credenat.com\/en\/"},{"@type":"ListItem","position":2,"name":"Several CREDENAT members attend the International Conference on Regional Science in Granada"}]},{"@type":"WebSite","@id":"https:\/\/www.credenat.com\/en\/#website","url":"https:\/\/www.credenat.com\/en\/","name":"Credenat","description":"Crecimiento, Demanda y Recursos Naturales","potentialAction":[{"@type":"SearchAction","target":{"@type":"EntryPoint","urlTemplate":"https:\/\/www.credenat.com\/en\/?s={search_term_string}"},"query-input":"required name=search_term_string"}],"inLanguage":"en-US"},{"@type":"Person","@id":"https:\/\/www.credenat.com\/en\/#\/schema\/person\/e869a130a87868ea283726023d13d211","name":"credenatara50","image":{"@type":"ImageObject","inLanguage":"en-US","@id":"https:\/\/www.credenat.com\/en\/#\/schema\/person\/image\/","url":"https:\/\/secure.gravatar.com\/avatar\/e056e7e6cd5cdccb74de68c8a9c13d5872b68937c2bca633c3480d9f6e791573?s=96&d=mm&r=g","contentUrl":"https:\/\/secure.gravatar.com\/avatar\/e056e7e6cd5cdccb74de68c8a9c13d5872b68937c2bca633c3480d9f6e791573?s=96&d=mm&r=g","caption":"credenatara50"},"sameAs":["https:\/\/www.credenat.com\/2022"],"url":"https:\/\/www.credenat.com\/en\/author\/credenatara50\/"}]}},"_links":{"self":[{"href":"https:\/\/www.credenat.com\/en\/wp-json\/wp\/v2\/posts\/7338","targetHints":{"allow":["GET"]}}],"collection":[{"href":"https:\/\/www.credenat.com\/en\/wp-json\/wp\/v2\/posts"}],"about":[{"href":"https:\/\/www.credenat.com\/en\/wp-json\/wp\/v2\/types\/post"}],"author":[{"embeddable":true,"href":"https:\/\/www.credenat.com\/en\/wp-json\/wp\/v2\/users\/1"}],"replies":[{"embeddable":true,"href":"https:\/\/www.credenat.com\/en\/wp-json\/wp\/v2\/comments?post=7338"}],"version-history":[{"count":1,"href":"https:\/\/www.credenat.com\/en\/wp-json\/wp\/v2\/posts\/7338\/revisions"}],"predecessor-version":[{"id":7339,"href":"https:\/\/www.credenat.com\/en\/wp-json\/wp\/v2\/posts\/7338\/revisions\/7339"}],"wp:featuredmedia":[{"embeddable":true,"href":"https:\/\/www.credenat.com\/en\/wp-json\/wp\/v2\/media\/7301"}],"wp:attachment":[{"href":"https:\/\/www.credenat.com\/en\/wp-json\/wp\/v2\/media?parent=7338"}],"wp:term":[{"taxonomy":"category","embeddable":true,"href":"https:\/\/www.credenat.com\/en\/wp-json\/wp\/v2\/categories?post=7338"},{"taxonomy":"post_tag","embeddable":true,"href":"https:\/\/www.credenat.com\/en\/wp-json\/wp\/v2\/tags?post=7338"}],"curies":[{"name":"wp","href":"https:\/\/api.w.org\/{rel}","templated":true}]}}