{"id":8837,"date":"2025-04-03T10:38:30","date_gmt":"2025-04-03T08:38:30","guid":{"rendered":"https:\/\/www.credenat.com\/?p=8837"},"modified":"2025-04-03T10:38:30","modified_gmt":"2025-04-03T08:38:30","slug":"credenat-participate-in-the-eu-project-pantheon-2-2","status":"publish","type":"post","link":"https:\/\/www.credenat.com\/en\/credenat-participate-in-the-eu-project-pantheon-2-2\/","title":{"rendered":"New publications from the CREDENAT group on employment related to renewables (with a focus on wind energy)."},"content":{"rendered":"<img loading=\"lazy\" decoding=\"async\" class=\"alignnone size-medium wp-image-8828\" src=\"https:\/\/www.credenat.com\/wp-content\/uploads\/2025\/03\/Papeles-de-Energia.jpg\" alt=\"\" width=\"196\" height=\"257\" \/> As it is commented in a more concise and divulgative manner in issue N\u00ba26, September 2024 of <a href=\"https:\/\/www.funcas.es\/wp-content\/uploads\/2024\/10\/Papeles-de-energia-26-1.pdf\">Papeles de Energ\u00eda<\/a> (Bielsa et al., 2024), recently it has been published 2 academic papers that analize the employmented associated to the invesment in renowable energy. Following the research lines of <a href=\"https:\/\/redmentes.es\/noticias\/fiscal-policy-renewable-electricity\/publicacion-reciente-de-capitulo-de-libro-sobre-empleos-verdes-en-la-energia-renovable-en-espana\/\">Tom\u00e1s et al. (2023)<\/a>, in <a href=\"https:\/\/www.tandfonline.com\/doi\/abs\/10.1080\/15567249.2024.2437177\">Cazcarro et al. (2024)<\/a> it is explored the case of Arag\u00f3n, which has received high investments in wind energy. The most recent work\u00a0 focus on one of the rural regions of Arag\u00f3n, <a href=\"https:\/\/link.springer.com\/article\/10.1007\/s10098-024-03113-5\">Almaz\u00e1n-G\u00f3mez et al. (2025)<\/a>, and the implications for employment are different, which is imporant in he context of broad debate around the spatial and temporal distribution of the associated benefits and costs.\r\n\r\nReferences:\r\n\r\n<!-- \/wp:post-content --><!-- wp:paragraph -->\r\n\r\nCazcarro, I., Bielsa, J., Rodr\u00edguez-L\u00f3pez, G., &amp; Garc\u00eda, S. (2024). Where does employment due to investments in wind energy really occur?\u00a0<em>Energy Sources, Part B: Economics, Planning, and Policy<\/em>,\u00a0<em>19<\/em>(1). https:\/\/doi.org\/10.1080\/15567249.2024.2437177\r\n\r\n<!-- \/wp:paragraph --><!-- wp:image {\"id\":2502,\"sizeSlug\":\"large\",\"linkDestination\":\"none\"} -->\r\n<figure class=\"wp-block-image size-large\"><img loading=\"lazy\" decoding=\"async\" class=\"alignnone size-medium wp-image-8826\" src=\"https:\/\/www.credenat.com\/wp-content\/uploads\/2025\/03\/Energy-Sources-Part-B_-Economics-Planning-and-Policy-_-Taylor-Francis-Online_files.jpg\" alt=\"\" width=\"188\" height=\"269\" \/><\/figure>\r\n<figure class=\"wp-block-image size-large\">Almaz\u00e1n-G\u00f3mez, M.\u00c1., Bielsa, J., Cazcarro, I.\u00a0<em>et al.<\/em>\u00a0Socioeconomic impacts of wind farms in small and rural areas: a case study in North-eastern Spain.\u00a0<em>Clean Techn Environ Policy<\/em>\u00a0(2025). https:\/\/doi.org\/10.1007\/s10098-024-03113-5<\/figure>\r\n<figure class=\"wp-block-image size-large\"><\/figure>\r\n<img loading=\"lazy\" decoding=\"async\" class=\"alignnone wp-image-8824\" src=\"https:\/\/www.credenat.com\/wp-content\/uploads\/2025\/03\/cleantech-300x300.jpg\" alt=\"\" width=\"200\" height=\"200\" srcset=\"https:\/\/www.credenat.com\/wp-content\/uploads\/2025\/03\/cleantech-300x300.jpg 300w, https:\/\/www.credenat.com\/wp-content\/uploads\/2025\/03\/cleantech-150x150.jpg 150w, https:\/\/www.credenat.com\/wp-content\/uploads\/2025\/03\/cleantech-768x768.jpg 768w, https:\/\/www.credenat.com\/wp-content\/uploads\/2025\/03\/cleantech.jpg 866w\" sizes=\"auto, (max-width: 200px) 100vw, 200px\" \/><img loading=\"lazy\" decoding=\"async\" class=\"alignnone size-medium wp-image-8830\" src=\"https:\/\/www.credenat.com\/wp-content\/uploads\/2025\/03\/Socioeconomic-impacts-of-wind-farms-in-small-and-rural-areas_-case-study-in-North-eastern-Spain.png\" alt=\"\" width=\"258\" height=\"196\" \/>","protected":false},"excerpt":{"rendered":"<p>As it is commented in a more concise and divulgative manner in issue N\u00ba26, September 2024 of Papeles de Energ\u00eda (Bielsa et al., 2024), recently it has been published 2 academic papers that analize the employmented associated to the invesment in renowable energy. Following the research lines of Tom\u00e1s et al. (2023), in Cazcarro et [&hellip;]<\/p>\n","protected":false},"author":1,"featured_media":8835,"comment_status":"closed","ping_status":"closed","sticky":false,"template":"","format":"standard","meta":{"_mi_skip_tracking":false,"footnotes":""},"categories":[],"tags":[],"class_list":["post-8837","post","type-post","status-publish","format-standard","has-post-thumbnail","hentry"],"yoast_head":"<!-- This site is optimized with the Yoast SEO plugin v20.0 - https:\/\/yoast.com\/wordpress\/plugins\/seo\/ -->\n<title>New publications from the CREDENAT group on employment related to renewables (with a focus on wind energy). - Credenat<\/title>\n<meta name=\"robots\" content=\"index, follow, max-snippet:-1, max-image-preview:large, max-video-preview:-1\" \/>\n<link rel=\"canonical\" href=\"https:\/\/www.credenat.com\/en\/credenat-participate-in-the-eu-project-pantheon-2-2\/\" \/>\n<meta property=\"og:locale\" content=\"en_US\" \/>\n<meta property=\"og:type\" content=\"article\" \/>\n<meta property=\"og:title\" content=\"New publications from the CREDENAT group on employment related to renewables (with a focus on wind energy). - Credenat\" \/>\n<meta property=\"og:description\" content=\"As it is commented in a more concise and divulgative manner in issue N\u00ba26, September 2024 of Papeles de Energ\u00eda (Bielsa et al., 2024), recently it has been published 2 academic papers that analize the employmented associated to the invesment in renowable energy. Following the research lines of Tom\u00e1s et al. (2023), in Cazcarro et [&hellip;]\" \/>\n<meta property=\"og:url\" content=\"https:\/\/www.credenat.com\/en\/credenat-participate-in-the-eu-project-pantheon-2-2\/\" \/>\n<meta property=\"og:site_name\" content=\"Credenat\" \/>\n<meta property=\"article:published_time\" content=\"2025-04-03T08:38:30+00:00\" \/>\n<meta property=\"og:image\" content=\"https:\/\/www.credenat.com\/wp-content\/uploads\/2025\/03\/Publicaciones.jpg\" \/>\n\t<meta property=\"og:image:width\" content=\"619\" \/>\n\t<meta property=\"og:image:height\" content=\"258\" \/>\n\t<meta property=\"og:image:type\" content=\"image\/jpeg\" \/>\n<meta name=\"author\" content=\"credenatara50\" \/>\n<meta name=\"twitter:card\" content=\"summary_large_image\" \/>\n<meta name=\"twitter:label1\" content=\"Written by\" \/>\n\t<meta name=\"twitter:data1\" content=\"credenatara50\" \/>\n\t<meta name=\"twitter:label2\" content=\"Est. reading time\" \/>\n\t<meta name=\"twitter:data2\" content=\"2 minutes\" \/>\n<script type=\"application\/ld+json\" class=\"yoast-schema-graph\">{\"@context\":\"https:\/\/schema.org\",\"@graph\":[{\"@type\":\"WebPage\",\"@id\":\"https:\/\/www.credenat.com\/en\/credenat-participate-in-the-eu-project-pantheon-2-2\/\",\"url\":\"https:\/\/www.credenat.com\/en\/credenat-participate-in-the-eu-project-pantheon-2-2\/\",\"name\":\"New publications from the CREDENAT group on employment related to renewables (with a focus on wind energy). - Credenat\",\"isPartOf\":{\"@id\":\"https:\/\/www.credenat.com\/en\/#website\"},\"datePublished\":\"2025-04-03T08:38:30+00:00\",\"dateModified\":\"2025-04-03T08:38:30+00:00\",\"author\":{\"@id\":\"https:\/\/www.credenat.com\/en\/#\/schema\/person\/e869a130a87868ea283726023d13d211\"},\"breadcrumb\":{\"@id\":\"https:\/\/www.credenat.com\/en\/credenat-participate-in-the-eu-project-pantheon-2-2\/#breadcrumb\"},\"inLanguage\":\"en-US\",\"potentialAction\":[{\"@type\":\"ReadAction\",\"target\":[\"https:\/\/www.credenat.com\/en\/credenat-participate-in-the-eu-project-pantheon-2-2\/\"]}]},{\"@type\":\"BreadcrumbList\",\"@id\":\"https:\/\/www.credenat.com\/en\/credenat-participate-in-the-eu-project-pantheon-2-2\/#breadcrumb\",\"itemListElement\":[{\"@type\":\"ListItem\",\"position\":1,\"name\":\"Portada\",\"item\":\"https:\/\/www.credenat.com\/en\/\"},{\"@type\":\"ListItem\",\"position\":2,\"name\":\"New publications from the CREDENAT group on employment related to renewables (with a focus on wind energy).\"}]},{\"@type\":\"WebSite\",\"@id\":\"https:\/\/www.credenat.com\/en\/#website\",\"url\":\"https:\/\/www.credenat.com\/en\/\",\"name\":\"Credenat\",\"description\":\"Crecimiento, Demanda y Recursos Naturales\",\"potentialAction\":[{\"@type\":\"SearchAction\",\"target\":{\"@type\":\"EntryPoint\",\"urlTemplate\":\"https:\/\/www.credenat.com\/en\/?s={search_term_string}\"},\"query-input\":\"required name=search_term_string\"}],\"inLanguage\":\"en-US\"},{\"@type\":\"Person\",\"@id\":\"https:\/\/www.credenat.com\/en\/#\/schema\/person\/e869a130a87868ea283726023d13d211\",\"name\":\"credenatara50\",\"image\":{\"@type\":\"ImageObject\",\"inLanguage\":\"en-US\",\"@id\":\"https:\/\/www.credenat.com\/en\/#\/schema\/person\/image\/\",\"url\":\"https:\/\/secure.gravatar.com\/avatar\/e056e7e6cd5cdccb74de68c8a9c13d5872b68937c2bca633c3480d9f6e791573?s=96&d=mm&r=g\",\"contentUrl\":\"https:\/\/secure.gravatar.com\/avatar\/e056e7e6cd5cdccb74de68c8a9c13d5872b68937c2bca633c3480d9f6e791573?s=96&d=mm&r=g\",\"caption\":\"credenatara50\"},\"sameAs\":[\"https:\/\/www.credenat.com\/2022\"],\"url\":\"https:\/\/www.credenat.com\/en\/author\/credenatara50\/\"}]}<\/script>\n<!-- \/ Yoast SEO plugin. -->","yoast_head_json":{"title":"New publications from the CREDENAT group on employment related to renewables (with a focus on wind energy). - Credenat","robots":{"index":"index","follow":"follow","max-snippet":"max-snippet:-1","max-image-preview":"max-image-preview:large","max-video-preview":"max-video-preview:-1"},"canonical":"https:\/\/www.credenat.com\/en\/credenat-participate-in-the-eu-project-pantheon-2-2\/","og_locale":"en_US","og_type":"article","og_title":"New publications from the CREDENAT group on employment related to renewables (with a focus on wind energy). - Credenat","og_description":"As it is commented in a more concise and divulgative manner in issue N\u00ba26, September 2024 of Papeles de Energ\u00eda (Bielsa et al., 2024), recently it has been published 2 academic papers that analize the employmented associated to the invesment in renowable energy. Following the research lines of Tom\u00e1s et al. (2023), in Cazcarro et [&hellip;]","og_url":"https:\/\/www.credenat.com\/en\/credenat-participate-in-the-eu-project-pantheon-2-2\/","og_site_name":"Credenat","article_published_time":"2025-04-03T08:38:30+00:00","og_image":[{"width":619,"height":258,"url":"https:\/\/www.credenat.com\/wp-content\/uploads\/2025\/03\/Publicaciones.jpg","type":"image\/jpeg"}],"author":"credenatara50","twitter_card":"summary_large_image","twitter_misc":{"Written by":"credenatara50","Est. reading time":"2 minutes"},"schema":{"@context":"https:\/\/schema.org","@graph":[{"@type":"WebPage","@id":"https:\/\/www.credenat.com\/en\/credenat-participate-in-the-eu-project-pantheon-2-2\/","url":"https:\/\/www.credenat.com\/en\/credenat-participate-in-the-eu-project-pantheon-2-2\/","name":"New publications from the CREDENAT group on employment related to renewables (with a focus on wind energy). - Credenat","isPartOf":{"@id":"https:\/\/www.credenat.com\/en\/#website"},"datePublished":"2025-04-03T08:38:30+00:00","dateModified":"2025-04-03T08:38:30+00:00","author":{"@id":"https:\/\/www.credenat.com\/en\/#\/schema\/person\/e869a130a87868ea283726023d13d211"},"breadcrumb":{"@id":"https:\/\/www.credenat.com\/en\/credenat-participate-in-the-eu-project-pantheon-2-2\/#breadcrumb"},"inLanguage":"en-US","potentialAction":[{"@type":"ReadAction","target":["https:\/\/www.credenat.com\/en\/credenat-participate-in-the-eu-project-pantheon-2-2\/"]}]},{"@type":"BreadcrumbList","@id":"https:\/\/www.credenat.com\/en\/credenat-participate-in-the-eu-project-pantheon-2-2\/#breadcrumb","itemListElement":[{"@type":"ListItem","position":1,"name":"Portada","item":"https:\/\/www.credenat.com\/en\/"},{"@type":"ListItem","position":2,"name":"New publications from the CREDENAT group on employment related to renewables (with a focus on wind energy)."}]},{"@type":"WebSite","@id":"https:\/\/www.credenat.com\/en\/#website","url":"https:\/\/www.credenat.com\/en\/","name":"Credenat","description":"Crecimiento, Demanda y Recursos Naturales","potentialAction":[{"@type":"SearchAction","target":{"@type":"EntryPoint","urlTemplate":"https:\/\/www.credenat.com\/en\/?s={search_term_string}"},"query-input":"required name=search_term_string"}],"inLanguage":"en-US"},{"@type":"Person","@id":"https:\/\/www.credenat.com\/en\/#\/schema\/person\/e869a130a87868ea283726023d13d211","name":"credenatara50","image":{"@type":"ImageObject","inLanguage":"en-US","@id":"https:\/\/www.credenat.com\/en\/#\/schema\/person\/image\/","url":"https:\/\/secure.gravatar.com\/avatar\/e056e7e6cd5cdccb74de68c8a9c13d5872b68937c2bca633c3480d9f6e791573?s=96&d=mm&r=g","contentUrl":"https:\/\/secure.gravatar.com\/avatar\/e056e7e6cd5cdccb74de68c8a9c13d5872b68937c2bca633c3480d9f6e791573?s=96&d=mm&r=g","caption":"credenatara50"},"sameAs":["https:\/\/www.credenat.com\/2022"],"url":"https:\/\/www.credenat.com\/en\/author\/credenatara50\/"}]}},"_links":{"self":[{"href":"https:\/\/www.credenat.com\/en\/wp-json\/wp\/v2\/posts\/8837","targetHints":{"allow":["GET"]}}],"collection":[{"href":"https:\/\/www.credenat.com\/en\/wp-json\/wp\/v2\/posts"}],"about":[{"href":"https:\/\/www.credenat.com\/en\/wp-json\/wp\/v2\/types\/post"}],"author":[{"embeddable":true,"href":"https:\/\/www.credenat.com\/en\/wp-json\/wp\/v2\/users\/1"}],"replies":[{"embeddable":true,"href":"https:\/\/www.credenat.com\/en\/wp-json\/wp\/v2\/comments?post=8837"}],"version-history":[{"count":1,"href":"https:\/\/www.credenat.com\/en\/wp-json\/wp\/v2\/posts\/8837\/revisions"}],"predecessor-version":[{"id":8838,"href":"https:\/\/www.credenat.com\/en\/wp-json\/wp\/v2\/posts\/8837\/revisions\/8838"}],"wp:featuredmedia":[{"embeddable":true,"href":"https:\/\/www.credenat.com\/en\/wp-json\/wp\/v2\/media\/8835"}],"wp:attachment":[{"href":"https:\/\/www.credenat.com\/en\/wp-json\/wp\/v2\/media?parent=8837"}],"wp:term":[{"taxonomy":"category","embeddable":true,"href":"https:\/\/www.credenat.com\/en\/wp-json\/wp\/v2\/categories?post=8837"},{"taxonomy":"post_tag","embeddable":true,"href":"https:\/\/www.credenat.com\/en\/wp-json\/wp\/v2\/tags?post=8837"}],"curies":[{"name":"wp","href":"https:\/\/api.w.org\/{rel}","templated":true}]}}